{"id":1703,"date":"2024-01-05T02:45:38","date_gmt":"2024-01-05T02:45:38","guid":{"rendered":"https:\/\/www.modocu.com\/bau-und-handwerkermessen-in-deutschland-osterreich-schweiz-2024\/"},"modified":"2024-09-11T13:02:43","modified_gmt":"2024-09-11T13:02:43","slug":"stavebni-a-remeslne-veletrhy-v-nemecku-rakousku-svycarsku-2024","status":"publish","type":"post","link":"https:\/\/www.modocu.com\/cs\/stavebni-a-remeslne-veletrhy-v-nemecku-rakousku-svycarsku-2024\/","title":{"rendered":"Stavebnictv\u00ed a veletrhy v N\u011bmecku\/Rakousku\/\u0160v\u00fdcarsku 2024"},"content":{"rendered":"\n<p>Stavebn\u00ed veletrhy jsou nejen p\u0159ehl\u00eddkou inovativn\u00edch technologi\u00ed, ale nab\u00edzej\u00ed tak\u00e9 mo\u017enost vyzkou\u0161et si je na\u017eivo. P\u0159\u00edm\u00e9 rozhovory s odborn\u00edky a podobn\u011b sm\u00fd\u0161lej\u00edc\u00edmi lidmi a zku\u0161enosti s nov\u00fdmi technologiemi mohou b\u00fdt nesm\u00edrn\u011b inspirativn\u00ed. Pr\u00e1v\u011b zde se m\u016f\u017eete inspirovat inovativn\u00edmi p\u0159\u00edstupy a kreativn\u00edmi \u0159e\u0161en\u00edmi.\u00a0<\/p>\n\n\n\n<h2 class=\"wp-block-heading\"><strong>Nejd\u016fle\u017eit\u011bj\u0161\u00ed veletrhy v na\u0161em oboru v roce 2024<\/strong><\/h2>\n\n\n\n<p>Od pr\u016fkopnick\u00fdch technologi\u00ed a udr\u017eiteln\u00fdch projekt\u016f a\u017e po inovativn\u00ed n\u00e1stroje a v\u00fdrobky &#8211; tyto veletrhy nab\u00edzej\u00ed jedine\u010dn\u00fd pohled do budoucnosti stavebnictv\u00ed a inspiruj\u00ed n\u00e1s k neust\u00e1l\u00e9mu zlep\u0161ov\u00e1n\u00ed designu na\u0161ich obytn\u00fdch prostor na jedn\u00e9 stran\u011b a na\u0161\u00ed ka\u017edodenn\u00ed pr\u00e1ce na stran\u011b druh\u00e9.<\/p>\n\n\n\n<p>P\u0159\u00edslu\u0161n\u00e9 veletrhy v oblasti stavebnictv\u00ed a \u0159emesel<\/p>\n\n\n\n<p><strong>Tip Modocu:\u00a0<\/strong><\/p>\n\n\n\n<p>V leto\u0161n\u00edm roce jsme zastoupeni na t\u011bchto veletrz\u00edch:<\/p>\n\n\n\n<ul class=\"wp-block-list\">\n<li>Swissbau, <strong>16. &#8211; 19.01.2024 <\/strong>v Basileji &#8211; <a href=\"http:\/\/www.swissbau.ch\">www.swissbau.ch<\/a><\/li>\n\n\n\n<li>Digitalbau, <strong>20. \u2013 22.02.2024<\/strong> v Kol\u00edn\u011b nad R\u00fdnem \u2013 <a href=\"http:\/\/www.digital-bau.com\">www.digital-bau.com<\/a><\/li>\n\n\n\n<li>Webuild, <strong>06. \u2013 08.03.2024 <\/strong>ve Welsu \u2013 <a href=\"http:\/\/www.energiesparmesse.at\">www.energiesparmesse.at<\/a><\/li>\n\n\n\n<li>SHK + E, <strong>19. \u2013 23.03.2024<\/strong> v Essenu &#8211; <a href=\"http:\/\/www.shke-essen.de\">www.shke-essen.de<\/a><\/li>\n<\/ul>\n\n\n\n<h2 class=\"wp-block-heading\"><strong>Pro\u010d se vyplat\u00ed nav\u0161t\u00edvit stavebn\u00ed veletrh?<\/strong><\/h2>\n\n\n\n<p>Ve sv\u011bt\u011b \u0159emesel se po\u010d\u00edt\u00e1 nejen zru\u010dnost, ale tak\u00e9 znalost nejnov\u011bj\u0161\u00edho v\u00fdvoje a inovac\u00ed. N\u00e1v\u0161t\u011bvy stavebn\u00edch veletrh\u016f jsou pro \u0159emesln\u00edky neoceniteln\u00e9, proto\u017ee zdaleka nesta\u010d\u00ed jen prohl\u00eddka v\u00fdrobk\u016f. Pro\u010d se vyplat\u00ed chodit na veletrhy?<\/p>\n\n\n\n<ul class=\"wp-block-list\">\n<li><strong>Poradenstv\u00ed a \u0161kolen\u00ed:<\/strong> Mnoho veletrh\u016f nab\u00edz\u00ed workshopy, semin\u00e1\u0159e nebo p\u0159edn\u00e1\u0161ky. Zde m\u00e1te mo\u017enost prohloubit sv\u00e9 odborn\u00e9 znalosti, sezn\u00e1mit se s novinkami a vyzkou\u0161et si nov\u00e9 n\u00e1stroje. Bonus: Z\u00edsk\u00e1te dobr\u00e9 rady p\u0159\u00edmo od odborn\u00edk\u016f.<\/li>\n<\/ul>\n\n\n\n<ul class=\"wp-block-list\">\n<li><strong>Novinky v oboru:<\/strong> N\u00e1v\u0161t\u011bva veletrh\u016f v\u00e1s udr\u017e\u00ed v obraze. Na stavebn\u00edch veletrz\u00edch firmy p\u0159edstavuj\u00ed sv\u00e9 nejnov\u011bj\u0161\u00ed inovace a v\u00fdvoj. M\u00e1te tak\u00e9 mo\u017enost diskutovat s odborn\u00edky o budouc\u00edch t\u00e9matech v oboru.<\/li>\n<\/ul>\n\n\n\n<ul class=\"wp-block-list\">\n<li><strong>Inspirace:<\/strong> P\u0159\u00edm\u00e9 rozhovory s odborn\u00edky a zku\u0161enosti s nov\u00fdmi technologiemi jsou nesm\u00edrn\u011b inspirativn\u00ed.<\/li>\n<\/ul>\n\n\n\n<ul class=\"wp-block-list\">\n<li><strong>P\u0159edv\u00e1d\u011bn\u00ed v\u00fdrobk\u016f:<\/strong> Vyzkou\u0161ejte si v\u00fdrobky v akci na\u017eivo a v barv\u00e1ch. M\u00edsto toho, abyste se spol\u00e9hali na obr\u00e1zky v katalogu.<\/li>\n<\/ul>\n\n\n\n<ul class=\"wp-block-list\">\n<li><strong>P\u0159ehled trhu: <\/strong>Jak\u00e9 trendy, legislativa atd. formuj\u00ed trh a jac\u00ed nov\u00ed dodavatel\u00e9 a konkurenti se objevuj\u00ed? Stavebn\u00ed veletrh poskytuje komplexn\u00ed p\u0159ehled o sou\u010dasn\u00e9m stavu a upozor\u0148uje na potenci\u00e1ln\u00ed mezery.<\/li>\n<\/ul>\n\n\n\n<ul class=\"wp-block-list\">\n<li><strong>Navazov\u00e1n\u00ed kontakt\u016f:<\/strong> V neposledn\u00ed \u0159ad\u011b takov\u00e1 akce nab\u00edz\u00ed mo\u017enost nav\u00e1zat d\u016fle\u017eit\u00e9 kontakty. A\u0165 u\u017e jde o dodavatele, z\u00e1kazn\u00edky nebo potenci\u00e1ln\u00ed obchodn\u00ed partnery &#8211; na stavebn\u00edch veletrz\u00edch se setk\u00e1te s r\u016fznorodou s\u00edt\u00ed.<\/li>\n<\/ul>\n\n\n\n<p>Stavebn\u00ed veletrhy nab\u00edzej\u00ed podnikatel\u016fm mnoho v\u00fdhod. Workshopy, semin\u00e1\u0159e a prezentace poskytuj\u00ed rady a \u0161kolen\u00ed od odborn\u00edk\u016f. Budeme r\u00e1di, kdy\u017e se letos na jednom nebo dvou veletrz\u00edch setk\u00e1me a vym\u011bn\u00edme si n\u00e1pady.<\/p>\n\n\n\n<p><strong>Modocu na turn\u00e9: S novinkami na stavebn\u00edch a odborn\u00fdch veletrz\u00edch 2024!<\/strong><\/p>\n\n\n\n<p>Op\u011bt je \u010das veletrh\u016f a Modocu v\u00e1s s pot\u011b\u0161en\u00edm p\u0159iv\u00edt\u00e1 na \u010dty\u0159ech v\u00fdznamn\u00fdch akc\u00edch! V roce 2024 se z\u00fa\u010dastn\u00edme t\u011bchto veletrh\u016f:<\/p>\n\n\n\n<p><strong>Swissbau v Basileji &#8211; vlastn\u00ed st\u00e1nek, 16. &#8211; 19. ledna 2024:<\/strong> Vstupte do sv\u011bta digit\u00e1ln\u00edho \u0159\u00edzen\u00ed stavebn\u00edch projekt\u016f a zjist\u011bte, jak v\u00e1m Modocu m\u016f\u017ee pomoci zefektivnit Va\u0161e pracovn\u00ed procesy.<\/p>\n\n\n\n<p><strong>Digitalbau v Kol\u00edn\u011b nad R\u00fdnem &#8211; vlastn\u00ed st\u00e1nek, 20. &#8211; 22. \u00fanora 2024:<\/strong> Zjist\u011bte, jak jdou nejnov\u011bj\u0161\u00ed technologie a Modocu ruku v ruce, aby bylo stavebnictv\u00ed p\u0159izp\u016fsobeno digit\u00e1ln\u00ed budoucnosti.<\/p>\n\n\n\n<p><strong>Webuild ve Welsu na st\u00e1nku spole\u010dnosti Holter, 6. &#8211; 8. b\u0159ezna 2024:<\/strong> Zjist\u011bte, jak mohou nejnov\u011bj\u0161\u00ed technologie, zejm\u00e9na Modocu, pomoci p\u0159izp\u016fsobit V\u00e1\u0161 podnik v oblasti vzduchotechniky digit\u00e1ln\u00ed budoucnosti.<\/p>\n\n\n\n<p><strong>SHK Essen &#8211; vlastn\u00ed st\u00e1nek, 19. &#8211; 22. b\u0159ezna 2024:<\/strong> Poznejte sv\u011bt sanit\u00e1rn\u00ed, topen\u00e1\u0159sk\u00e9 a klimatiza\u010dn\u00ed techniky a zjist\u011bte, jak Modocu inovativn\u00edm zp\u016fsobem zlep\u0161uje dokumentaci a komunikaci v t\u011bchto oblastech.<\/p>\n\n\n\n<p>Vydejte se s n\u00e1mi na toto vzru\u0161uj\u00edc\u00ed veletr\u017en\u00ed dobrodru\u017estv\u00ed a nechte se inspirovat mo\u017enostmi, kter\u00e9 Modocu nab\u00edz\u00ed pro Va\u0161e stavebn\u00ed a \u0159emesln\u00e9 podnik\u00e1n\u00ed. T\u011b\u0161\u00edme se na osobn\u00ed setk\u00e1n\u00ed s V\u00e1mi a na to, \u017ee V\u00e1m p\u0159edstav\u00edme budoucnost stavebnictv\u00ed!<\/p>\n","protected":false},"excerpt":{"rendered":"<p>Stavebn\u00ed veletrhy jsou nejen p\u0159ehl\u00eddkou inovativn\u00edch technologi\u00ed, ale nab\u00edzej\u00ed tak\u00e9 mo\u017enost vyzkou\u0161et si je na\u017eivo. P\u0159\u00edm\u00e9 rozhovory s odborn\u00edky a podobn\u011b sm\u00fd\u0161lej\u00edc\u00edmi lidmi a zku\u0161enosti s nov\u00fdmi technologiemi mohou b\u00fdt nesm\u00edrn\u011b inspirativn\u00ed. Pr\u00e1v\u011b zde se m\u016f\u017eete inspirovat inovativn\u00edmi p\u0159\u00edstupy a kreativn\u00edmi \u0159e\u0161en\u00edmi.\u00a0 Nejd\u016fle\u017eit\u011bj\u0161\u00ed veletrhy v na\u0161em oboru v roce 2024 Od pr\u016fkopnick\u00fdch technologi\u00ed a udr\u017eiteln\u00fdch &hellip; <a href=\"https:\/\/www.modocu.com\/cs\/stavebni-a-remeslne-veletrhy-v-nemecku-rakousku-svycarsku-2024\/\">Continued<\/a><\/p>\n","protected":false},"author":2,"featured_media":1704,"comment_status":"open","ping_status":"open","sticky":false,"template":"","format":"standard","meta":{"_acf_changed":false,"footnotes":""},"categories":[49],"tags":[],"class_list":["post-1703","post","type-post","status-publish","format-standard","has-post-thumbnail","hentry","category-unkategorisiert-cs"],"acf":[],"yoast_head":"<!-- This site is optimized with the Yoast SEO plugin v27.2 - https:\/\/yoast.com\/product\/yoast-seo-wordpress\/ -->\n<title>Stavebnictv\u00ed a veletrhy v N\u011bmecku\/Rakousku\/\u0160v\u00fdcarsku 2024 - Modocu - Fotodokumentation f\u00fcr die Baustelle und vor Ort<\/title>\n<meta name=\"robots\" content=\"index, follow, max-snippet:-1, max-image-preview:large, max-video-preview:-1\" \/>\n<link rel=\"canonical\" href=\"https:\/\/www.modocu.com\/cs\/stavebni-a-remeslne-veletrhy-v-nemecku-rakousku-svycarsku-2024\/\" \/>\n<meta property=\"og:locale\" content=\"cs_CZ\" \/>\n<meta property=\"og:type\" content=\"article\" \/>\n<meta property=\"og:title\" content=\"Stavebnictv\u00ed a veletrhy v N\u011bmecku\/Rakousku\/\u0160v\u00fdcarsku 2024 - Modocu - Fotodokumentation f\u00fcr die Baustelle und vor Ort\" \/>\n<meta property=\"og:description\" content=\"Stavebn\u00ed veletrhy jsou nejen p\u0159ehl\u00eddkou inovativn\u00edch technologi\u00ed, ale nab\u00edzej\u00ed tak\u00e9 mo\u017enost vyzkou\u0161et si je na\u017eivo. P\u0159\u00edm\u00e9 rozhovory s odborn\u00edky a podobn\u011b sm\u00fd\u0161lej\u00edc\u00edmi lidmi a zku\u0161enosti s nov\u00fdmi technologiemi mohou b\u00fdt nesm\u00edrn\u011b inspirativn\u00ed. Pr\u00e1v\u011b zde se m\u016f\u017eete inspirovat inovativn\u00edmi p\u0159\u00edstupy a kreativn\u00edmi \u0159e\u0161en\u00edmi.\u00a0 Nejd\u016fle\u017eit\u011bj\u0161\u00ed veletrhy v na\u0161em oboru v roce 2024 Od pr\u016fkopnick\u00fdch technologi\u00ed a udr\u017eiteln\u00fdch &hellip; Continued\" \/>\n<meta property=\"og:url\" content=\"https:\/\/www.modocu.com\/cs\/stavebni-a-remeslne-veletrhy-v-nemecku-rakousku-svycarsku-2024\/\" \/>\n<meta property=\"og:site_name\" content=\"Modocu - Fotodokumentation f\u00fcr die Baustelle und vor Ort\" \/>\n<meta property=\"article:publisher\" content=\"https:\/\/www.facebook.com\/modocusoft\/\" \/>\n<meta property=\"article:published_time\" content=\"2024-01-05T02:45:38+00:00\" \/>\n<meta property=\"article:modified_time\" content=\"2024-09-11T13:02:43+00:00\" \/>\n<meta property=\"og:image\" content=\"https:\/\/www.modocu.com\/app\/uploads\/2024\/01\/laura-heimann-iCxCNJvmBTU-unsplash.jpg\" \/>\n\t<meta property=\"og:image:width\" content=\"800\" \/>\n\t<meta property=\"og:image:height\" content=\"533\" \/>\n\t<meta property=\"og:image:type\" content=\"image\/jpeg\" \/>\n<meta name=\"author\" content=\"modocu\" \/>\n<meta name=\"twitter:card\" content=\"summary_large_image\" \/>\n<meta name=\"twitter:label1\" content=\"Written by\" \/>\n\t<meta name=\"twitter:data1\" content=\"modocu\" \/>\n\t<meta name=\"twitter:label2\" content=\"Est. reading time\" \/>\n\t<meta name=\"twitter:data2\" content=\"4 minutes\" \/>\n<script type=\"application\/ld+json\" class=\"yoast-schema-graph\">{\"@context\":\"https:\/\/schema.org\",\"@graph\":[{\"@type\":\"Article\",\"@id\":\"https:\/\/www.modocu.com\/cs\/stavebni-a-remeslne-veletrhy-v-nemecku-rakousku-svycarsku-2024\/#article\",\"isPartOf\":{\"@id\":\"https:\/\/www.modocu.com\/cs\/stavebni-a-remeslne-veletrhy-v-nemecku-rakousku-svycarsku-2024\/\"},\"author\":{\"name\":\"modocu\",\"@id\":\"https:\/\/www.modocu.com\/#\/schema\/person\/10352310907fbc5381324795b1dbd6ef\"},\"headline\":\"Stavebnictv\u00ed a veletrhy v N\u011bmecku\/Rakousku\/\u0160v\u00fdcarsku 2024\",\"datePublished\":\"2024-01-05T02:45:38+00:00\",\"dateModified\":\"2024-09-11T13:02:43+00:00\",\"mainEntityOfPage\":{\"@id\":\"https:\/\/www.modocu.com\/cs\/stavebni-a-remeslne-veletrhy-v-nemecku-rakousku-svycarsku-2024\/\"},\"wordCount\":754,\"commentCount\":0,\"publisher\":{\"@id\":\"https:\/\/www.modocu.com\/#organization\"},\"image\":{\"@id\":\"https:\/\/www.modocu.com\/cs\/stavebni-a-remeslne-veletrhy-v-nemecku-rakousku-svycarsku-2024\/#primaryimage\"},\"thumbnailUrl\":\"https:\/\/www.modocu.com\/app\/uploads\/2024\/01\/laura-heimann-iCxCNJvmBTU-unsplash.jpg\",\"articleSection\":[\"Unkategorisiert\"],\"inLanguage\":\"cs-CZ\",\"potentialAction\":[{\"@type\":\"CommentAction\",\"name\":\"Comment\",\"target\":[\"https:\/\/www.modocu.com\/cs\/stavebni-a-remeslne-veletrhy-v-nemecku-rakousku-svycarsku-2024\/#respond\"]}]},{\"@type\":\"WebPage\",\"@id\":\"https:\/\/www.modocu.com\/cs\/stavebni-a-remeslne-veletrhy-v-nemecku-rakousku-svycarsku-2024\/\",\"url\":\"https:\/\/www.modocu.com\/cs\/stavebni-a-remeslne-veletrhy-v-nemecku-rakousku-svycarsku-2024\/\",\"name\":\"Stavebnictv\u00ed a veletrhy v N\u011bmecku\/Rakousku\/\u0160v\u00fdcarsku 2024 - Modocu - Fotodokumentation f\u00fcr die Baustelle und vor Ort\",\"isPartOf\":{\"@id\":\"https:\/\/www.modocu.com\/#website\"},\"primaryImageOfPage\":{\"@id\":\"https:\/\/www.modocu.com\/cs\/stavebni-a-remeslne-veletrhy-v-nemecku-rakousku-svycarsku-2024\/#primaryimage\"},\"image\":{\"@id\":\"https:\/\/www.modocu.com\/cs\/stavebni-a-remeslne-veletrhy-v-nemecku-rakousku-svycarsku-2024\/#primaryimage\"},\"thumbnailUrl\":\"https:\/\/www.modocu.com\/app\/uploads\/2024\/01\/laura-heimann-iCxCNJvmBTU-unsplash.jpg\",\"datePublished\":\"2024-01-05T02:45:38+00:00\",\"dateModified\":\"2024-09-11T13:02:43+00:00\",\"breadcrumb\":{\"@id\":\"https:\/\/www.modocu.com\/cs\/stavebni-a-remeslne-veletrhy-v-nemecku-rakousku-svycarsku-2024\/#breadcrumb\"},\"inLanguage\":\"cs-CZ\",\"potentialAction\":[{\"@type\":\"ReadAction\",\"target\":[\"https:\/\/www.modocu.com\/cs\/stavebni-a-remeslne-veletrhy-v-nemecku-rakousku-svycarsku-2024\/\"]}]},{\"@type\":\"ImageObject\",\"inLanguage\":\"cs-CZ\",\"@id\":\"https:\/\/www.modocu.com\/cs\/stavebni-a-remeslne-veletrhy-v-nemecku-rakousku-svycarsku-2024\/#primaryimage\",\"url\":\"https:\/\/www.modocu.com\/app\/uploads\/2024\/01\/laura-heimann-iCxCNJvmBTU-unsplash.jpg\",\"contentUrl\":\"https:\/\/www.modocu.com\/app\/uploads\/2024\/01\/laura-heimann-iCxCNJvmBTU-unsplash.jpg\",\"width\":800,\"height\":533},{\"@type\":\"BreadcrumbList\",\"@id\":\"https:\/\/www.modocu.com\/cs\/stavebni-a-remeslne-veletrhy-v-nemecku-rakousku-svycarsku-2024\/#breadcrumb\",\"itemListElement\":[{\"@type\":\"ListItem\",\"position\":1,\"name\":\"Startseite\",\"item\":\"https:\/\/www.modocu.com\/cs\/\"},{\"@type\":\"ListItem\",\"position\":2,\"name\":\"Stavebnictv\u00ed a veletrhy v N\u011bmecku\/Rakousku\/\u0160v\u00fdcarsku 2024\"}]},{\"@type\":\"WebSite\",\"@id\":\"https:\/\/www.modocu.com\/#website\",\"url\":\"https:\/\/www.modocu.com\/\",\"name\":\"Modocu - Fotodokumentation f\u00fcr die Baustelle und vor Ort\",\"description\":\"\",\"publisher\":{\"@id\":\"https:\/\/www.modocu.com\/#organization\"},\"potentialAction\":[{\"@type\":\"SearchAction\",\"target\":{\"@type\":\"EntryPoint\",\"urlTemplate\":\"https:\/\/www.modocu.com\/?s={search_term_string}\"},\"query-input\":{\"@type\":\"PropertyValueSpecification\",\"valueRequired\":true,\"valueName\":\"search_term_string\"}}],\"inLanguage\":\"cs-CZ\"},{\"@type\":\"Organization\",\"@id\":\"https:\/\/www.modocu.com\/#organization\",\"name\":\"Modocu - Fotodokumentation f\u00fcr die Baustelle und vor Ort\",\"url\":\"https:\/\/www.modocu.com\/\",\"logo\":{\"@type\":\"ImageObject\",\"inLanguage\":\"cs-CZ\",\"@id\":\"https:\/\/www.modocu.com\/#\/schema\/logo\/image\/\",\"url\":\"https:\/\/www.modocu.com\/app\/uploads\/2024\/08\/final-logo.svg\",\"contentUrl\":\"https:\/\/www.modocu.com\/app\/uploads\/2024\/08\/final-logo.svg\",\"width\":1,\"height\":1,\"caption\":\"Modocu - Fotodokumentation f\u00fcr die Baustelle und vor Ort\"},\"image\":{\"@id\":\"https:\/\/www.modocu.com\/#\/schema\/logo\/image\/\"},\"sameAs\":[\"https:\/\/www.facebook.com\/modocusoft\/\",\"https:\/\/www.linkedin.com\/company\/modocu\/\",\"https:\/\/www.instagram.com\/modocu_software\/\",\"https:\/\/www.youtube.com\/channel\/UCZ5Frx3PR0PoL4ep-M4ULSA\"]},{\"@type\":\"Person\",\"@id\":\"https:\/\/www.modocu.com\/#\/schema\/person\/10352310907fbc5381324795b1dbd6ef\",\"name\":\"modocu\",\"image\":{\"@type\":\"ImageObject\",\"inLanguage\":\"cs-CZ\",\"@id\":\"https:\/\/secure.gravatar.com\/avatar\/b97d070c1266625f0d27543c5ff8ab93b397be39b4aa926897f13e54aa5ba24f?s=96&d=mm&r=g\",\"url\":\"https:\/\/secure.gravatar.com\/avatar\/b97d070c1266625f0d27543c5ff8ab93b397be39b4aa926897f13e54aa5ba24f?s=96&d=mm&r=g\",\"contentUrl\":\"https:\/\/secure.gravatar.com\/avatar\/b97d070c1266625f0d27543c5ff8ab93b397be39b4aa926897f13e54aa5ba24f?s=96&d=mm&r=g\",\"caption\":\"modocu\"},\"url\":\"https:\/\/www.modocu.com\/cs\/author\/modocu\/\"}]}<\/script>\n<!-- \/ Yoast SEO plugin. -->","yoast_head_json":{"title":"Stavebnictv\u00ed a veletrhy v N\u011bmecku\/Rakousku\/\u0160v\u00fdcarsku 2024 - Modocu - Fotodokumentation f\u00fcr die Baustelle und vor Ort","robots":{"index":"index","follow":"follow","max-snippet":"max-snippet:-1","max-image-preview":"max-image-preview:large","max-video-preview":"max-video-preview:-1"},"canonical":"https:\/\/www.modocu.com\/cs\/stavebni-a-remeslne-veletrhy-v-nemecku-rakousku-svycarsku-2024\/","og_locale":"cs_CZ","og_type":"article","og_title":"Stavebnictv\u00ed a veletrhy v N\u011bmecku\/Rakousku\/\u0160v\u00fdcarsku 2024 - Modocu - Fotodokumentation f\u00fcr die Baustelle und vor Ort","og_description":"Stavebn\u00ed veletrhy jsou nejen p\u0159ehl\u00eddkou inovativn\u00edch technologi\u00ed, ale nab\u00edzej\u00ed tak\u00e9 mo\u017enost vyzkou\u0161et si je na\u017eivo. P\u0159\u00edm\u00e9 rozhovory s odborn\u00edky a podobn\u011b sm\u00fd\u0161lej\u00edc\u00edmi lidmi a zku\u0161enosti s nov\u00fdmi technologiemi mohou b\u00fdt nesm\u00edrn\u011b inspirativn\u00ed. Pr\u00e1v\u011b zde se m\u016f\u017eete inspirovat inovativn\u00edmi p\u0159\u00edstupy a kreativn\u00edmi \u0159e\u0161en\u00edmi.\u00a0 Nejd\u016fle\u017eit\u011bj\u0161\u00ed veletrhy v na\u0161em oboru v roce 2024 Od pr\u016fkopnick\u00fdch technologi\u00ed a udr\u017eiteln\u00fdch &hellip; Continued","og_url":"https:\/\/www.modocu.com\/cs\/stavebni-a-remeslne-veletrhy-v-nemecku-rakousku-svycarsku-2024\/","og_site_name":"Modocu - Fotodokumentation f\u00fcr die Baustelle und vor Ort","article_publisher":"https:\/\/www.facebook.com\/modocusoft\/","article_published_time":"2024-01-05T02:45:38+00:00","article_modified_time":"2024-09-11T13:02:43+00:00","og_image":[{"width":800,"height":533,"url":"https:\/\/www.modocu.com\/app\/uploads\/2024\/01\/laura-heimann-iCxCNJvmBTU-unsplash.jpg","type":"image\/jpeg"}],"author":"modocu","twitter_card":"summary_large_image","twitter_misc":{"Written by":"modocu","Est. reading time":"4 minutes"},"schema":{"@context":"https:\/\/schema.org","@graph":[{"@type":"Article","@id":"https:\/\/www.modocu.com\/cs\/stavebni-a-remeslne-veletrhy-v-nemecku-rakousku-svycarsku-2024\/#article","isPartOf":{"@id":"https:\/\/www.modocu.com\/cs\/stavebni-a-remeslne-veletrhy-v-nemecku-rakousku-svycarsku-2024\/"},"author":{"name":"modocu","@id":"https:\/\/www.modocu.com\/#\/schema\/person\/10352310907fbc5381324795b1dbd6ef"},"headline":"Stavebnictv\u00ed a veletrhy v N\u011bmecku\/Rakousku\/\u0160v\u00fdcarsku 2024","datePublished":"2024-01-05T02:45:38+00:00","dateModified":"2024-09-11T13:02:43+00:00","mainEntityOfPage":{"@id":"https:\/\/www.modocu.com\/cs\/stavebni-a-remeslne-veletrhy-v-nemecku-rakousku-svycarsku-2024\/"},"wordCount":754,"commentCount":0,"publisher":{"@id":"https:\/\/www.modocu.com\/#organization"},"image":{"@id":"https:\/\/www.modocu.com\/cs\/stavebni-a-remeslne-veletrhy-v-nemecku-rakousku-svycarsku-2024\/#primaryimage"},"thumbnailUrl":"https:\/\/www.modocu.com\/app\/uploads\/2024\/01\/laura-heimann-iCxCNJvmBTU-unsplash.jpg","articleSection":["Unkategorisiert"],"inLanguage":"cs-CZ","potentialAction":[{"@type":"CommentAction","name":"Comment","target":["https:\/\/www.modocu.com\/cs\/stavebni-a-remeslne-veletrhy-v-nemecku-rakousku-svycarsku-2024\/#respond"]}]},{"@type":"WebPage","@id":"https:\/\/www.modocu.com\/cs\/stavebni-a-remeslne-veletrhy-v-nemecku-rakousku-svycarsku-2024\/","url":"https:\/\/www.modocu.com\/cs\/stavebni-a-remeslne-veletrhy-v-nemecku-rakousku-svycarsku-2024\/","name":"Stavebnictv\u00ed a veletrhy v N\u011bmecku\/Rakousku\/\u0160v\u00fdcarsku 2024 - Modocu - Fotodokumentation f\u00fcr die Baustelle und vor Ort","isPartOf":{"@id":"https:\/\/www.modocu.com\/#website"},"primaryImageOfPage":{"@id":"https:\/\/www.modocu.com\/cs\/stavebni-a-remeslne-veletrhy-v-nemecku-rakousku-svycarsku-2024\/#primaryimage"},"image":{"@id":"https:\/\/www.modocu.com\/cs\/stavebni-a-remeslne-veletrhy-v-nemecku-rakousku-svycarsku-2024\/#primaryimage"},"thumbnailUrl":"https:\/\/www.modocu.com\/app\/uploads\/2024\/01\/laura-heimann-iCxCNJvmBTU-unsplash.jpg","datePublished":"2024-01-05T02:45:38+00:00","dateModified":"2024-09-11T13:02:43+00:00","breadcrumb":{"@id":"https:\/\/www.modocu.com\/cs\/stavebni-a-remeslne-veletrhy-v-nemecku-rakousku-svycarsku-2024\/#breadcrumb"},"inLanguage":"cs-CZ","potentialAction":[{"@type":"ReadAction","target":["https:\/\/www.modocu.com\/cs\/stavebni-a-remeslne-veletrhy-v-nemecku-rakousku-svycarsku-2024\/"]}]},{"@type":"ImageObject","inLanguage":"cs-CZ","@id":"https:\/\/www.modocu.com\/cs\/stavebni-a-remeslne-veletrhy-v-nemecku-rakousku-svycarsku-2024\/#primaryimage","url":"https:\/\/www.modocu.com\/app\/uploads\/2024\/01\/laura-heimann-iCxCNJvmBTU-unsplash.jpg","contentUrl":"https:\/\/www.modocu.com\/app\/uploads\/2024\/01\/laura-heimann-iCxCNJvmBTU-unsplash.jpg","width":800,"height":533},{"@type":"BreadcrumbList","@id":"https:\/\/www.modocu.com\/cs\/stavebni-a-remeslne-veletrhy-v-nemecku-rakousku-svycarsku-2024\/#breadcrumb","itemListElement":[{"@type":"ListItem","position":1,"name":"Startseite","item":"https:\/\/www.modocu.com\/cs\/"},{"@type":"ListItem","position":2,"name":"Stavebnictv\u00ed a veletrhy v N\u011bmecku\/Rakousku\/\u0160v\u00fdcarsku 2024"}]},{"@type":"WebSite","@id":"https:\/\/www.modocu.com\/#website","url":"https:\/\/www.modocu.com\/","name":"Modocu - Fotodokumentation f\u00fcr die Baustelle und vor Ort","description":"","publisher":{"@id":"https:\/\/www.modocu.com\/#organization"},"potentialAction":[{"@type":"SearchAction","target":{"@type":"EntryPoint","urlTemplate":"https:\/\/www.modocu.com\/?s={search_term_string}"},"query-input":{"@type":"PropertyValueSpecification","valueRequired":true,"valueName":"search_term_string"}}],"inLanguage":"cs-CZ"},{"@type":"Organization","@id":"https:\/\/www.modocu.com\/#organization","name":"Modocu - Fotodokumentation f\u00fcr die Baustelle und vor Ort","url":"https:\/\/www.modocu.com\/","logo":{"@type":"ImageObject","inLanguage":"cs-CZ","@id":"https:\/\/www.modocu.com\/#\/schema\/logo\/image\/","url":"https:\/\/www.modocu.com\/app\/uploads\/2024\/08\/final-logo.svg","contentUrl":"https:\/\/www.modocu.com\/app\/uploads\/2024\/08\/final-logo.svg","width":1,"height":1,"caption":"Modocu - Fotodokumentation f\u00fcr die Baustelle und vor Ort"},"image":{"@id":"https:\/\/www.modocu.com\/#\/schema\/logo\/image\/"},"sameAs":["https:\/\/www.facebook.com\/modocusoft\/","https:\/\/www.linkedin.com\/company\/modocu\/","https:\/\/www.instagram.com\/modocu_software\/","https:\/\/www.youtube.com\/channel\/UCZ5Frx3PR0PoL4ep-M4ULSA"]},{"@type":"Person","@id":"https:\/\/www.modocu.com\/#\/schema\/person\/10352310907fbc5381324795b1dbd6ef","name":"modocu","image":{"@type":"ImageObject","inLanguage":"cs-CZ","@id":"https:\/\/secure.gravatar.com\/avatar\/b97d070c1266625f0d27543c5ff8ab93b397be39b4aa926897f13e54aa5ba24f?s=96&d=mm&r=g","url":"https:\/\/secure.gravatar.com\/avatar\/b97d070c1266625f0d27543c5ff8ab93b397be39b4aa926897f13e54aa5ba24f?s=96&d=mm&r=g","contentUrl":"https:\/\/secure.gravatar.com\/avatar\/b97d070c1266625f0d27543c5ff8ab93b397be39b4aa926897f13e54aa5ba24f?s=96&d=mm&r=g","caption":"modocu"},"url":"https:\/\/www.modocu.com\/cs\/author\/modocu\/"}]}},"_links":{"self":[{"href":"https:\/\/www.modocu.com\/cs\/wp-json\/wp\/v2\/posts\/1703","targetHints":{"allow":["GET"]}}],"collection":[{"href":"https:\/\/www.modocu.com\/cs\/wp-json\/wp\/v2\/posts"}],"about":[{"href":"https:\/\/www.modocu.com\/cs\/wp-json\/wp\/v2\/types\/post"}],"author":[{"embeddable":true,"href":"https:\/\/www.modocu.com\/cs\/wp-json\/wp\/v2\/users\/2"}],"replies":[{"embeddable":true,"href":"https:\/\/www.modocu.com\/cs\/wp-json\/wp\/v2\/comments?post=1703"}],"version-history":[{"count":1,"href":"https:\/\/www.modocu.com\/cs\/wp-json\/wp\/v2\/posts\/1703\/revisions"}],"predecessor-version":[{"id":1716,"href":"https:\/\/www.modocu.com\/cs\/wp-json\/wp\/v2\/posts\/1703\/revisions\/1716"}],"wp:featuredmedia":[{"embeddable":true,"href":"https:\/\/www.modocu.com\/cs\/wp-json\/wp\/v2\/media\/1704"}],"wp:attachment":[{"href":"https:\/\/www.modocu.com\/cs\/wp-json\/wp\/v2\/media?parent=1703"}],"wp:term":[{"taxonomy":"category","embeddable":true,"href":"https:\/\/www.modocu.com\/cs\/wp-json\/wp\/v2\/categories?post=1703"},{"taxonomy":"post_tag","embeddable":true,"href":"https:\/\/www.modocu.com\/cs\/wp-json\/wp\/v2\/tags?post=1703"}],"curies":[{"name":"wp","href":"https:\/\/api.w.org\/{rel}","templated":true}]}}